{"id":1649,"date":"2025-01-15T09:42:06","date_gmt":"2025-01-15T08:42:06","guid":{"rendered":"https:\/\/www.skovdesaints.com\/wordpress\/?p=1649"},"modified":"2025-01-15T09:42:06","modified_gmt":"2025-01-15T08:42:06","slug":"arsmote-2025","status":"publish","type":"post","link":"http:\/\/www.skovdesaints.com\/wordpress\/2025\/01\/15\/arsmote-2025\/","title":{"rendered":"\u00c5rsm\u00f6te 2025"},"content":{"rendered":"\n<p>V\u00e4lkommen p\u00e5 \u00e5rsm\u00f6te!<\/p>\n\n\n\n<p>Styrelsen kallar sina medlemmar (och v\u00e5rdnadshavare till medlemmar) till \u00e5rsm\u00f6te!<\/p>\n\n\n\n<p><strong>22 februari kl. 14:00<\/strong> ses vi f\u00f6r ett \u00e5rsm\u00f6te d\u00e4r ni medlemmar har m\u00f6jlighet att p\u00e5verka besluten f\u00f6r \u00e5ret. <\/p>\n\n\n\n<p>Platsen i \u00e5r kommer att vara AFRY J<a href=\"https:\/\/www.google.com\/maps\/place\/\/data=!4m2!3m1!1s0x465b0231f385d801:0x8afc114ce789a35?sa=X&amp;ved=1t:8290&amp;ictx=111\">ohn G. Gr\u00f6nvalls plats 1, 541 36 Sk\u00f6vde<\/a>, Entr\u00e9 se bild<\/p>\n\n\n\n<p><\/p>\n\n\n\n<p>Anm\u00e4lan sker <strong><a href=\"https:\/\/docs.google.com\/forms\/d\/e\/1FAIpQLSelH6hev7ZQOHEOXVedHSQhKTBt_22Xlu4fWC3_D8phzBirSw\/viewform?usp=header\">H\u00c4R <\/a><\/strong><\/p>\n\n\n\n<p>Vi bjuder p\u00e5 fika, varmt v\u00e4lkomna! <\/p>\n\n\n\n<p><\/p>\n\n\n\n<figure class=\"wp-block-image size-large is-resized\"><img fetchpriority=\"high\" decoding=\"async\" width=\"825\" height=\"1024\" src=\"https:\/\/www.skovdesaints.com\/wordpress\/wp-content\/uploads\/2025\/01\/472869505_3611123602512937_300523957784588825_n-825x1024.jpg\" alt=\"\" class=\"wp-image-1650\" style=\"width:542px;height:auto\" srcset=\"http:\/\/www.skovdesaints.com\/wordpress\/wp-content\/uploads\/2025\/01\/472869505_3611123602512937_300523957784588825_n-825x1024.jpg 825w, http:\/\/www.skovdesaints.com\/wordpress\/wp-content\/uploads\/2025\/01\/472869505_3611123602512937_300523957784588825_n-242x300.jpg 242w, http:\/\/www.skovdesaints.com\/wordpress\/wp-content\/uploads\/2025\/01\/472869505_3611123602512937_300523957784588825_n-768x953.jpg 768w, http:\/\/www.skovdesaints.com\/wordpress\/wp-content\/uploads\/2025\/01\/472869505_3611123602512937_300523957784588825_n.jpg 1170w\" sizes=\"(max-width: 825px) 100vw, 825px\" \/><\/figure>\n\n\n\n<p><\/p>\n","protected":false},"excerpt":{"rendered":"<p>V\u00e4lkommen p\u00e5 \u00e5rsm\u00f6te! Styrelsen kallar sina medlemmar (och v\u00e5rdnadshavare till medlemmar) till \u00e5rsm\u00f6te! 22 februari kl. 14:00 ses vi f\u00f6r ett \u00e5rsm\u00f6te d\u00e4r ni medlemmar har m\u00f6jlighet att p\u00e5verka besluten f\u00f6r \u00e5ret. Platsen i \u00e5r kommer att vara AFRY John G. Gr\u00f6nvalls plats 1, 541 36 Sk\u00f6vde, Entr\u00e9 se bild Anm\u00e4lan sker H\u00c4R Vi bjuder [&hellip;]<\/p>\n","protected":false},"author":8,"featured_media":0,"comment_status":"open","ping_status":"open","sticky":false,"template":"","format":"standard","meta":{"footnotes":""},"categories":[1],"tags":[],"class_list":["post-1649","post","type-post","status-publish","format-standard","hentry","category-news"],"_links":{"self":[{"href":"http:\/\/www.skovdesaints.com\/wordpress\/wp-json\/wp\/v2\/posts\/1649","targetHints":{"allow":["GET"]}}],"collection":[{"href":"http:\/\/www.skovdesaints.com\/wordpress\/wp-json\/wp\/v2\/posts"}],"about":[{"href":"http:\/\/www.skovdesaints.com\/wordpress\/wp-json\/wp\/v2\/types\/post"}],"author":[{"embeddable":true,"href":"http:\/\/www.skovdesaints.com\/wordpress\/wp-json\/wp\/v2\/users\/8"}],"replies":[{"embeddable":true,"href":"http:\/\/www.skovdesaints.com\/wordpress\/wp-json\/wp\/v2\/comments?post=1649"}],"version-history":[{"count":1,"href":"http:\/\/www.skovdesaints.com\/wordpress\/wp-json\/wp\/v2\/posts\/1649\/revisions"}],"predecessor-version":[{"id":1651,"href":"http:\/\/www.skovdesaints.com\/wordpress\/wp-json\/wp\/v2\/posts\/1649\/revisions\/1651"}],"wp:attachment":[{"href":"http:\/\/www.skovdesaints.com\/wordpress\/wp-json\/wp\/v2\/media?parent=1649"}],"wp:term":[{"taxonomy":"category","embeddable":true,"href":"http:\/\/www.skovdesaints.com\/wordpress\/wp-json\/wp\/v2\/categories?post=1649"},{"taxonomy":"post_tag","embeddable":true,"href":"http:\/\/www.skovdesaints.com\/wordpress\/wp-json\/wp\/v2\/tags?post=1649"}],"curies":[{"name":"wp","href":"https:\/\/api.w.org\/{rel}","templated":true}]}}